{"id":49713,"date":"2025-05-02T10:26:42","date_gmt":"2025-05-02T14:26:42","guid":{"rendered":"https:\/\/www.wes.org\/comment-lellis-island-initiative-rompt-avec-les-idees-recues-sur-laccueil-des-migrants-dans-letat-de-new-york\/"},"modified":"2025-05-02T10:26:42","modified_gmt":"2025-05-02T14:26:42","slug":"comment-lellis-island-initiative-rompt-avec-les-idees-recues-sur-laccueil-des-migrants-dans-letat-de-new-york","status":"publish","type":"post","link":"https:\/\/www.wes.org\/fr\/resource-library\/blog\/financement-optimisant-limpact\/comment-lellis-island-initiative-rompt-avec-les-idees-recues-sur-laccueil-des-migrants-dans-letat-de-new-york\/","title":{"rendered":"Comment l\u2019Ellis Island Initiative rompt avec les id\u00e9es re\u00e7ues sur l\u2019accueil des migrants dans l\u2019\u00c9tat de New York"},"content":{"rendered":"<p><strong>Les \u00c9tats-Unis ont connu une forte hausse du nombre de demandeurs d\u2019asile sur leur territoire, avec <a href=\"https:\/\/www.cbsnews.com\/newyork\/news\/new-york-city-officials-150000-total-asylum-seekers\/\">plus de 150\u00a0000 arriv\u00e9es rien qu\u2019\u00e0 New York<\/a><\/strong><span data-contrast=\"auto\"><strong> au fil des 18\u00a0derniers mois. Comptant pr\u00e8s d\u2019<\/strong><\/span><strong><a href=\"https:\/\/www.bls.gov\/regions\/northeast\/news-release\/jobopeningslaborturnover_newyork.htm\">un demi-million de postes vacants<\/a><\/strong><span data-contrast=\"auto\"><strong> \u00e0 travers l\u2019\u00c9tat de New York, les immigrants et les r\u00e9fugi\u00e9s repr\u00e9sentent un vrai potentiel de contribution aux \u00e9conomies et aux communaut\u00e9s locales.<\/strong> En comblant les p\u00e9nuries de main-d\u2019\u0153uvre, les travailleurs immigrants et r\u00e9fugi\u00e9s pourraient payer des imp\u00f4ts et dynamiser les industries de tout l\u2019\u00c9tat. Accueillir les nouveaux arrivants et les aider \u00e0 s\u2019installer facilite une transition souvent difficile et favorise l\u2019inclusion sociale.\u00a0<\/span><span data-ccp-props=\"{\"201341983\":0,\"335559739\":160,\"335559740\":279}\">\u00a0<\/span><\/p>\n<p><span data-contrast=\"auto\">En d\u00e9pit des besoins criants de main-d\u2019\u0153uvre de l\u2019\u00c9tat, l\u2019insertion professionnelle des immigrants et des demandeurs d\u2019asile est un v\u00e9ritable parcours du combattant. Deux comt\u00e9s de New York sont all\u00e9s jusqu\u2019\u00e0 intenter des actions en justice contre l\u2019afflux de ces nouveaux arrivants en provenance de New York et ont m\u00eame \u00e9mis des <\/span><a href=\"https:\/\/www.cnn.com\/2023\/05\/13\/us\/new-york-city-migrants-orange-county\/index.html\"><b><span data-contrast=\"none\">d\u00e9crets<\/span><\/b><\/a><span data-contrast=\"auto\"> interdisant leur entr\u00e9e sur le territoire.\u00a0\u00a0<\/span><span data-ccp-props=\"{\"201341983\":0,\"335559739\":160,\"335559740\":279}\">\u00a0<\/span><\/p>\n<p><strong>C\u2019est dans ce contexte que l\u2019Ellis Island Initiative s\u2019efforce de promouvoir un \u00c9tat de New York plus accueillant.\u00a0\u00a0<\/strong><\/p>\n<p><span data-contrast=\"auto\">Partenaire b\u00e9n\u00e9ficiaire du Fonds WES Mariam Assefa, l\u2019<\/span><a href=\"https:\/\/www.ellisislandinitiative.org\/\"><b><span data-contrast=\"none\">Ellis Island Initiative<\/span><\/b><\/a><span data-contrast=\"auto\"> est une coalition bipartite \u00e0 l\u2019\u00e9chelle de l\u2019\u00c9tat de New York, qui vise \u00e0 int\u00e9grer les familles d\u2019immigrants et les demandeurs l\u2019asile dans les communaut\u00e9s locales tout en luttant contre la d\u00e9sinformation sur l\u2019immigration. Fond\u00e9e en 2023 par un groupe diversifi\u00e9 (syndicalistes, membres d\u2019associations professionnelles \u00e0 l\u2019\u00e9chelle de l\u2019\u00c9tat, d\u2019organisations citoyennes telles que les filiales locales de United Way et de dirigeants de diverses communaut\u00e9s religieuses), cette initiative cherche \u00e0 faire \u00e9voluer les mentalit\u00e9s et \u00e0 mettre en lumi\u00e8re les bienfaits de l\u2019inclusion des immigrants aux communaut\u00e9s en dehors des grands centres urbains comme New York.\u00a0<\/span><span data-ccp-props=\"{\"201341983\":0,\"335559739\":160,\"335559740\":279}\">\u00a0<\/span><\/p>\n<p><span data-contrast=\"auto\"><strong>Gr\u00e2ce au soutien du Fonds, l\u2019Ellis Island Initiative met en \u00e9vidence comment les nouveaux arrivants, y compris les r\u00e9cents demandeurs d\u2019asile en provenance de la fronti\u00e8re sud des \u00c9tats-Unis, peuvent revitaliser les \u00e9conomies locales et stimuler les petites entreprises.<\/strong> R\u00e9cemment, l\u2019Initiative Ellis Island a co-publi\u00e9 un <\/span><a href=\"https:\/\/immresearch.org\/publications\/new-immigrants-arriving-to-long-island-economic-projections\/\"><b><span data-contrast=\"none\">rapport<\/span><\/b><\/a> <span data-contrast=\"auto\">avec l\u2019Immigrant Research Initiative (IRI) sur l\u2019impact \u00e9conomique des nouveaux immigrants et des demandeurs d\u2019asile \u00e0 Long Island dans le cadre d\u2019une \u00e9tude plus approfondie de l\u2019IRI sur l\u2019immigration aux \u00c9tats-Unis. Par exemple, selon les mod\u00e9lisations cette \u00e9tude, chaque groupe de 1\u00a0000\u00a0travailleurs immigrants r\u00e9cemment arriv\u00e9s repr\u00e9senterait un total annuel de 27\u00a0millions de dollars en salaires vers\u00e9s, soit un b\u00e9n\u00e9fice direct en termes de production de la valeur travail et de pouvoir d\u2019achat inject\u00e9s dans les \u00e9conomies locales de ces travailleurs. Cette \u00e9tude, qui porte sur plusieurs \u00c9tats ainsi que sur plusieurs r\u00e9gions de l\u2019\u00c9tat de New York, a par ailleurs \u00e9t\u00e9 reprise par des groupes de presse de premier plan , dont <\/span><a href=\"https:\/\/www.newsday.com\/long-island\/asylum-seekers-migrants-long-island-report-economy-qz99kzbw\"><b><span data-contrast=\"none\">Newsday<\/span><\/b><\/a><span data-contrast=\"auto\"> et <\/span><a href=\"https:\/\/www.pbs.org\/video\/migrants-asylum-seekers-o8crhn\/\"><b><span data-contrast=\"none\">PBS<\/span><\/b><\/a><span data-contrast=\"auto\">.\u00a0<\/span><span data-ccp-props=\"{\"201341983\":0,\"335559739\":160,\"335559740\":279}\">\u00a0<\/span><\/p>\n<p><strong>Rovika Rajkishun, qui codirige cette initiative et qui \u00e9tait elle-m\u00eame autrefois sans papiers, a qualifi\u00e9 l\u2019organisation en ces termes \u00ab\u00a0l\u2019un des projets les plus importants auxquels j\u2019ai particip\u00e9\u00a0\u00bb.\u00a0\u00a0<\/strong><\/p>\n<p><span data-contrast=\"auto\">\u00ab\u00a0Je connais intimement les difficult\u00e9s des personnes en qu\u00eate d\u2019opportunit\u00e9s pour avoir une vie meilleure\u00a0\u00bb, a-t-elle ajout\u00e9. \u00ab\u00a0Notre \u00c9tat a toujours \u00e9t\u00e9 un lieu d\u2019accueil pour les immigrants, et il nous faut absolument poursuivre dans cette voie pour le bien de tous. Je suis profond\u00e9ment reconnaissante pour la vie de famille que j\u2019ai pu fonder ici, et je voudrais que cela soit possible pour d\u2019autres nouveaux migrants.\u00a0<\/span><span data-ccp-props=\"{\"201341983\":0,\"335559739\":160,\"335559740\":279}\">\u00a0<\/span><\/p>\n<p><span data-contrast=\"auto\">En f\u00e9vrier 2024, l\u2019association a lanc\u00e9 une s\u00e9rie de rencontres r\u00e9gionales dans tout l\u2019\u00c9tat pour offrir aux communaut\u00e9s locales une tribune en faveur du d\u00e9veloppement d\u2019initiatives bipartites propices \u00e0 l\u2019accueil des nouveaux arrivants. Ces rencontrent offrent un espace de dialogue constructif et inclusif adapt\u00e9 aux r\u00e9alit\u00e9s de chaque comt\u00e9.\u00a0<\/span><span data-ccp-props=\"{\"201341983\":0,\"335559739\":160,\"335559740\":279}\">\u00a0<\/span><\/p>\n<p><span data-contrast=\"auto\">La premi\u00e8re r\u00e9union s\u2019est tenue \u00e0 Rochester, avec la participation d\u2019intervenants de tous bords politiques, notamment des chefs religieux, des \u00e9lus, des organisations \u00e0 but non lucratif et des syndicats et mandataires du monde des affaires.<\/span><span data-ccp-props=\"{\"201341983\":0,\"335559739\":160,\"335559740\":279}\">\u00a0<\/span><\/p>\n<p><img loading=\"lazy\" decoding=\"async\" class=\"alignnone wp-image-41436 size-full\" src=\"https:\/\/www.wes.org\/wp-content\/uploads\/2024\/04\/IMG_2617.jpg\" alt=\"Ellis Island Rochester Convening\" width=\"2048\" height=\"1536\" srcset=\"https:\/\/www.wes.org\/wp-content\/uploads\/2024\/04\/IMG_2617.jpg 2048w, https:\/\/www.wes.org\/wp-content\/uploads\/2024\/04\/IMG_2617-300x225.jpg 300w, https:\/\/www.wes.org\/wp-content\/uploads\/2024\/04\/IMG_2617-1024x768.jpg 1024w, https:\/\/www.wes.org\/wp-content\/uploads\/2024\/04\/IMG_2617-768x576.jpg 768w, https:\/\/www.wes.org\/wp-content\/uploads\/2024\/04\/IMG_2617-1536x1152.jpg 1536w\" sizes=\"auto, (max-width: 2048px) 100vw, 2048px\" \/><\/p>\n<p><span data-contrast=\"auto\">\u00ab\u00a0Nous avons aujourd\u2019hui une formidable opportunit\u00e9 pour la r\u00e9gion du Grand Rochester comme pour nos voisins de l\u2019\u00c9tat de New York, de reconna\u00eetre l\u2019apport pr\u00e9cieux des immigrants \u00e0 notre main-d\u2019\u0153uvre\u00a0\u00bb, a d\u00e9clar\u00e9 Bob Duffy, Pr\u00e9sident et directeur g\u00e9n\u00e9ral de la Chambre de commerce du Grand Rochester, dans un communiqu\u00e9. <\/span><a href=\"https:\/\/www.greaterrochesterchamber.com\/2024\/02\/23\/ellis-island-initiative-convenes-bipartisan-leaders-to-develop-strategies-for-integrating-newly-arrived-immigrant-families\/\"><b><span data-contrast=\"none\">de presse<\/span><\/b><\/a><span data-contrast=\"auto\"> publi\u00e9 \u00e0 la suite de cette rencontre.\u00a0<\/span><span data-ccp-props=\"{\"201341983\":0,\"335559739\":160,\"335559740\":279}\">\u00a0<\/span><\/p>\n<p><span data-contrast=\"auto\">Comme beaucoup d\u2019autres villes aux \u00c9tats-Unis, Rochester doit pallier son vieillissement d\u00e9mographique, qui fait chuter la participation de la population active de la ville en dessous des niveaux d\u2019avant la pand\u00e9mie. Dans un <\/span><a href=\"https:\/\/www.wxxinews.org\/local-news\/2024-02-22\/rochester-hosts-meeting-designed-to-help-recent-migrants-get-established-in-the-u-s\"><b><span data-contrast=\"none\">article de presse local, <\/span><\/b><\/a><span data-contrast=\"auto\">Dave Seeley, Directeur ex\u00e9cutif de l\u2019organisation r\u00e9gionale de d\u00e9veloppement de la main-d\u2019\u0153uvre Rochester Works, a soulign\u00e9 que les entreprises \u00ab\u00a0ont d\u00fb composer avec un des march\u00e9s du travail les plus tendus depuis des d\u00e9cennies\u00a0\u00bb, mettant ainsi en \u00e9vidence le besoin urgent de combler les p\u00e9nuries d\u2019emploi ainsi que les bienfaits apport\u00e9s par les immigrants aux industries locales.<\/span><span data-ccp-props=\"{\"201341983\":0,\"335559739\":160,\"335559740\":279}\">\u00a0<\/span><\/p>\n<p><span data-contrast=\"auto\">Favoriser des \u00e9conomies inclusives est dans l\u2019int\u00e9r\u00eat de toute la communaut\u00e9. Dans ce m\u00eame article, Aaron Metras, membre de la New York State Restaurant Association et propri\u00e9taire de Salena\u2019s, un restaurant local, a repris cette id\u00e9e des bienfaits d\u2019une main-d\u2019\u0153uvre inclusive et du potentiel des nouveaux arrivants pour dynamiser les affaires locales. \u00ab\u00a0La grande majorit\u00e9 des nouveaux immigrants font preuve d\u2019une \u00e9thique de travail hors norme et peuvent combler en partie des p\u00e9nuries cruciales dans des dans des secteurs comme la restauration, encore \u00e9branl\u00e9e par la pand\u00e9mie\u00a0\u00bb, a pr\u00e9cis\u00e9 Metras. \u00ab\u00a0Plus vite nous pourrons les employer, mieux ce sera, tant pour notre int\u00e9r\u00eat que pour le leur.\u00a0\u00bb<\/span><span data-ccp-props=\"{\"201341983\":0,\"335559739\":160,\"335559740\":279}\">\u00a0<\/span><\/p>\n<p><span data-contrast=\"auto\">Plusieurs priorit\u00e9s essentielles ont \u00e9t\u00e9 relev\u00e9es \u00e0 l\u2019occasion de cette r\u00e9union, telles que le soutien aux programmes d\u2019apprentissage et aux voies alternatives vers un emploi stable, ainsi que la mise \u00e0 disposition d\u2019un processus de certification des dipl\u00f4mes plus rapide et moins contraignant, en particulier dans les secteurs en tension.<\/span><span data-ccp-props=\"{\"201341983\":0,\"335559739\":160,\"335559740\":279}\">\u00a0<\/span><\/p>\n<p><span data-contrast=\"auto\">L\u2019initiative envisage de continuer \u00e0 collaborer avec des parties prenantes afin de b\u00e2tir des communaut\u00e9s et des \u00e9conomies plus inclusives. Parmi ses objectifs\u00a0: mettre sur pied des groupes de travail repr\u00e9sentatifs des entreprises, des \u00e9lus, des syndicats, des organismes \u00e0 but non lucratif et des communaut\u00e9s religieuses, qui \u0153uvreront pour avancer de concert sur les priorit\u00e9s fix\u00e9es. L\u2019initiative tiendra une rencontre \u00e0 Syracuse le 7\u00a0mai, apr\u00e8s avoir d\u00e9j\u00e0 r\u00e9uni plusieurs parties prenantes. <\/span><a href=\"https:\/\/drive.google.com\/file\/d\/18TUgyAqeFleGdyPavKyEzCshjqH72pPF\/view\"><b><span data-contrast=\"none\">\u00e0 Albany<\/span><\/b><\/a><span data-contrast=\"auto\"> le 13\u00a0mars.\u00a0<\/span><span data-ccp-props=\"{\"201341983\":0,\"335559739\":160,\"335559740\":279}\">\u00a0<\/span><\/p>\n<p><img loading=\"lazy\" decoding=\"async\" class=\"alignnone wp-image-41448 size-full\" src=\"https:\/\/www.wes.org\/wp-content\/uploads\/2024\/04\/IMG_2618-2.jpg\" alt=\"\" width=\"2048\" height=\"1719\" srcset=\"https:\/\/www.wes.org\/wp-content\/uploads\/2024\/04\/IMG_2618-2.jpg 2048w, https:\/\/www.wes.org\/wp-content\/uploads\/2024\/04\/IMG_2618-2-300x252.jpg 300w, https:\/\/www.wes.org\/wp-content\/uploads\/2024\/04\/IMG_2618-2-1024x860.jpg 1024w, https:\/\/www.wes.org\/wp-content\/uploads\/2024\/04\/IMG_2618-2-768x645.jpg 768w, https:\/\/www.wes.org\/wp-content\/uploads\/2024\/04\/IMG_2618-2-1536x1289.jpg 1536w\" sizes=\"auto, (max-width: 2048px) 100vw, 2048px\" \/><\/p>\n<p><span data-contrast=\"auto\">\u00ab\u00a0C\u2019est lorsque les parties prenantes se r\u00e9unissent, comme aujourd\u2019hui, qu\u2019elles peuvent proposer des mesures concr\u00e8tes \u00e0 adopter pour s\u2019assurer que nos nouveaux voisins soient accueillis dans nos communaut\u00e9s de fa\u00e7on b\u00e9n\u00e9fique pour toutes et tous\u00a0\u00bb, a d\u00e9clar\u00e9 le maire Malik Evans lors de la rencontre de Rochester. \u00ab\u00a0Si nous pouvons leur tendre la main, et qu\u2019en retour ils peuvent nous aider \u00e0 pourvoir les postes vacants, alors il n\u2019y a pas une minute \u00e0 perdre\u00a0.\u00a0\u00bb<\/span><span data-ccp-props=\"{\"201341983\":0,\"335559739\":160,\"335559740\":279}\">\u00a0<\/span><\/p>\n","protected":false},"excerpt":{"rendered":"<p>Les \u00c9tats-Unis ont connu une forte hausse du nombre de demandeurs d\u2019asile sur leur territoire, avec plus de 150\u00a0000 arriv\u00e9es rien qu\u2019\u00e0 New York au fil des 18\u00a0derniers mois. Comptant pr\u00e8s d\u2019un demi-million de postes vacants \u00e0 travers l\u2019\u00c9tat de New York, les immigrants et les r\u00e9fugi\u00e9s repr\u00e9sentent un vrai potentiel de contribution aux \u00e9conomies [&hellip;]<\/p>\n","protected":false},"author":679,"featured_media":41450,"comment_status":"closed","ping_status":"closed","sticky":false,"template":"","format":"standard","meta":{"_acf_changed":false,"footnotes":""},"categories":[1570],"tags":[],"class_list":["post-49713","post","type-post","status-publish","format-standard","has-post-thumbnail","hentry","category-financement-optimisant-limpact"],"better_featured_image":{"id":41450,"alt_text":"How the Ellis Island Initiative Is Changing the Narrative to Welcome Immigrants in New York State","caption":"","description":"","media_type":"image","media_details":{"width":2048,"height":1719,"file":"2024\/04\/IMG_2618-2.jpg","filesize":127901,"sizes":{"medium":{"file":"IMG_2618-2-300x252.jpg","width":300,"height":252,"mime-type":"image\/jpeg","filesize":12563,"source_url":"https:\/\/www.wes.org\/wp-content\/uploads\/2024\/04\/IMG_2618-2-300x252.jpg"},"large":{"file":"IMG_2618-2-1024x860.jpg","width":1024,"height":860,"mime-type":"image\/jpeg","filesize":66587,"source_url":"https:\/\/www.wes.org\/wp-content\/uploads\/2024\/04\/IMG_2618-2-1024x860.jpg"},"thumbnail":{"file":"IMG_2618-2-150x150.jpg","width":150,"height":150,"mime-type":"image\/jpeg","filesize":4338,"source_url":"https:\/\/www.wes.org\/wp-content\/uploads\/2024\/04\/IMG_2618-2-150x150.jpg"},"medium_large":{"file":"IMG_2618-2-768x645.jpg","width":768,"height":645,"mime-type":"image\/jpeg","filesize":42470,"source_url":"https:\/\/www.wes.org\/wp-content\/uploads\/2024\/04\/IMG_2618-2-768x645.jpg"},"1536x1536":{"file":"IMG_2618-2-1536x1289.jpg","width":1536,"height":1289,"mime-type":"image\/jpeg","filesize":87248,"source_url":"https:\/\/www.wes.org\/wp-content\/uploads\/2024\/04\/IMG_2618-2-1536x1289.jpg"},"testimonial-thumb":{"file":"IMG_2618-2-165x190.jpg","width":165,"height":190,"mime-type":"image\/jpeg","filesize":5498,"source_url":"https:\/\/www.wes.org\/wp-content\/uploads\/2024\/04\/IMG_2618-2-165x190.jpg"},"carousel-post-thumb":{"file":"IMG_2618-2-540x277.jpg","width":540,"height":277,"mime-type":"image\/jpeg","filesize":24370,"source_url":"https:\/\/www.wes.org\/wp-content\/uploads\/2024\/04\/IMG_2618-2-540x277.jpg"},"col-profile-thumb":{"file":"IMG_2618-2-195x195.jpg","width":195,"height":195,"mime-type":"image\/jpeg","filesize":6912,"source_url":"https:\/\/www.wes.org\/wp-content\/uploads\/2024\/04\/IMG_2618-2-195x195.jpg"},"builder-feed-lg":{"file":"IMG_2618-2-981x517.jpg","width":981,"height":517,"mime-type":"image\/jpeg","filesize":48607,"source_url":"https:\/\/www.wes.org\/wp-content\/uploads\/2024\/04\/IMG_2618-2-981x517.jpg"},"team":{"file":"IMG_2618-2-185x185.jpg","width":185,"height":185,"mime-type":"image\/jpeg","filesize":6117,"source_url":"https:\/\/www.wes.org\/wp-content\/uploads\/2024\/04\/IMG_2618-2-185x185.jpg"},"people":{"file":"IMG_2618-2-394x276.jpg","width":394,"height":276,"mime-type":"image\/jpeg","filesize":19233,"source_url":"https:\/\/www.wes.org\/wp-content\/uploads\/2024\/04\/IMG_2618-2-394x276.jpg"},"insight":{"file":"IMG_2618-2-541x362.jpg","width":541,"height":362,"mime-type":"image\/jpeg","filesize":30102,"source_url":"https:\/\/www.wes.org\/wp-content\/uploads\/2024\/04\/IMG_2618-2-541x362.jpg"}},"image_meta":{"aperture":"0","credit":"","camera":"","caption":"","created_timestamp":"0","copyright":"","focal_length":"0","iso":"0","shutter_speed":"0","title":"","orientation":"0","keywords":[]}},"post":41443,"source_url":"https:\/\/www.wes.org\/wp-content\/uploads\/2024\/04\/IMG_2618-2.jpg"},"acf":{"author_name":"","author":null,"external_contributor":null,"sw_country":null,"column_1_heading":null,"column_1_content_1":null,"column_1_content_2":null,"column_2_heading":null,"column_3_heading":null,"column_3_subheading_1":null,"column_3_subheading_2":null,"column_4_heading":null,"column_4_description":null,"x_url":null,"facebook_url":null,"linkedin_url":null,"youtube_url":null,"subtitle":"","author_hide":null,"author_custom":null,"link":""},"yoast_head":"<!-- This site is optimized with the Yoast SEO Premium plugin v26.2 (Yoast SEO v27.5) - https:\/\/yoast.com\/product\/yoast-seo-premium-wordpress\/ -->\n<title>Comment l\u2019Ellis Island Initiative rompt avec les id\u00e9es re\u00e7ues sur l\u2019accueil des migrants dans l\u2019\u00c9tat de New York - WES<\/title>\n<meta name=\"robots\" content=\"index, follow, max-snippet:-1, max-image-preview:large, max-video-preview:-1\" \/>\n<link rel=\"canonical\" href=\"https:\/\/www.wes.org\/fr\/resource-library\/blog\/financement-optimisant-limpact\/comment-lellis-island-initiative-rompt-avec-les-idees-recues-sur-laccueil-des-migrants-dans-letat-de-new-york\/\" \/>\n<meta property=\"og:locale\" content=\"fr_FR\" \/>\n<meta property=\"og:type\" content=\"article\" \/>\n<meta property=\"og:title\" content=\"Comment l\u2019Ellis Island Initiative rompt avec les id\u00e9es re\u00e7ues sur l\u2019accueil des migrants dans l\u2019\u00c9tat de New York\" \/>\n<meta property=\"og:description\" content=\"Les \u00c9tats-Unis ont connu une forte hausse du nombre de demandeurs d\u2019asile sur leur territoire, avec plus de 150\u00a0000 arriv\u00e9es rien qu\u2019\u00e0 New York au fil des 18\u00a0derniers mois. Comptant pr\u00e8s d\u2019un demi-million de postes vacants \u00e0 travers l\u2019\u00c9tat de New York, les immigrants et les r\u00e9fugi\u00e9s repr\u00e9sentent un vrai potentiel de contribution aux \u00e9conomies [&hellip;]\" \/>\n<meta property=\"og:url\" content=\"https:\/\/www.wes.org\/fr\/resource-library\/blog\/financement-optimisant-limpact\/comment-lellis-island-initiative-rompt-avec-les-idees-recues-sur-laccueil-des-migrants-dans-letat-de-new-york\/\" \/>\n<meta property=\"og:site_name\" content=\"WES\" \/>\n<meta property=\"article:publisher\" content=\"https:\/\/www.facebook.com\/WorldEducationServices\/\" \/>\n<meta property=\"article:published_time\" content=\"2025-05-02T14:26:42+00:00\" \/>\n<meta property=\"og:image\" content=\"https:\/\/www.wes.org\/wp-content\/uploads\/2024\/04\/IMG_2618-2.jpg\" \/>\n\t<meta property=\"og:image:width\" content=\"2048\" \/>\n\t<meta property=\"og:image:height\" content=\"1719\" \/>\n\t<meta property=\"og:image:type\" content=\"image\/jpeg\" \/>\n<meta name=\"author\" content=\"Subaita Rahman\" \/>\n<meta name=\"twitter:card\" content=\"summary_large_image\" \/>\n<meta name=\"twitter:creator\" content=\"@WorldEdServices\" \/>\n<meta name=\"twitter:site\" content=\"@WorldEdServices\" \/>\n<meta name=\"twitter:label1\" content=\"\u00c9crit par\" \/>\n\t<meta name=\"twitter:data1\" content=\"Subaita Rahman\" \/>\n\t<meta name=\"twitter:label2\" content=\"Dur\u00e9e de lecture estim\u00e9e\" \/>\n\t<meta name=\"twitter:data2\" content=\"6 minutes\" \/>\n<script type=\"application\/ld+json\" class=\"yoast-schema-graph\">{\"@context\":\"https:\\\/\\\/schema.org\",\"@graph\":[{\"@type\":\"Article\",\"@id\":\"https:\\\/\\\/www.wes.org\\\/fr\\\/resource-library\\\/blog\\\/financement-optimisant-limpact\\\/comment-lellis-island-initiative-rompt-avec-les-idees-recues-sur-laccueil-des-migrants-dans-letat-de-new-york\\\/#article\",\"isPartOf\":{\"@id\":\"https:\\\/\\\/www.wes.org\\\/fr\\\/resource-library\\\/blog\\\/financement-optimisant-limpact\\\/comment-lellis-island-initiative-rompt-avec-les-idees-recues-sur-laccueil-des-migrants-dans-letat-de-new-york\\\/\"},\"author\":{\"name\":\"Subaita Rahman\",\"@id\":\"https:\\\/\\\/www.wes.org\\\/fr\\\/#\\\/schema\\\/person\\\/eeb77f4bdf923bbe46c4627bd6850dc4\"},\"headline\":\"Comment l\u2019Ellis Island Initiative rompt avec les id\u00e9es re\u00e7ues sur l\u2019accueil des migrants dans l\u2019\u00c9tat de New York\",\"datePublished\":\"2025-05-02T14:26:42+00:00\",\"mainEntityOfPage\":{\"@id\":\"https:\\\/\\\/www.wes.org\\\/fr\\\/resource-library\\\/blog\\\/financement-optimisant-limpact\\\/comment-lellis-island-initiative-rompt-avec-les-idees-recues-sur-laccueil-des-migrants-dans-letat-de-new-york\\\/\"},\"wordCount\":1257,\"publisher\":{\"@id\":\"https:\\\/\\\/www.wes.org\\\/fr\\\/#organization\"},\"image\":{\"@id\":\"https:\\\/\\\/www.wes.org\\\/fr\\\/resource-library\\\/blog\\\/financement-optimisant-limpact\\\/comment-lellis-island-initiative-rompt-avec-les-idees-recues-sur-laccueil-des-migrants-dans-letat-de-new-york\\\/#primaryimage\"},\"thumbnailUrl\":\"https:\\\/\\\/www.wes.org\\\/wp-content\\\/uploads\\\/2024\\\/04\\\/IMG_2618-2.jpg\",\"articleSection\":[\"Financement optimisant l\u2019impact\"],\"inLanguage\":\"fr-FR\"},{\"@type\":\"WebPage\",\"@id\":\"https:\\\/\\\/www.wes.org\\\/fr\\\/resource-library\\\/blog\\\/financement-optimisant-limpact\\\/comment-lellis-island-initiative-rompt-avec-les-idees-recues-sur-laccueil-des-migrants-dans-letat-de-new-york\\\/\",\"url\":\"https:\\\/\\\/www.wes.org\\\/fr\\\/resource-library\\\/blog\\\/financement-optimisant-limpact\\\/comment-lellis-island-initiative-rompt-avec-les-idees-recues-sur-laccueil-des-migrants-dans-letat-de-new-york\\\/\",\"name\":\"Comment l\u2019Ellis Island Initiative rompt avec les id\u00e9es re\u00e7ues sur l\u2019accueil des migrants dans l\u2019\u00c9tat de New York - WES\",\"isPartOf\":{\"@id\":\"https:\\\/\\\/www.wes.org\\\/fr\\\/#website\"},\"primaryImageOfPage\":{\"@id\":\"https:\\\/\\\/www.wes.org\\\/fr\\\/resource-library\\\/blog\\\/financement-optimisant-limpact\\\/comment-lellis-island-initiative-rompt-avec-les-idees-recues-sur-laccueil-des-migrants-dans-letat-de-new-york\\\/#primaryimage\"},\"image\":{\"@id\":\"https:\\\/\\\/www.wes.org\\\/fr\\\/resource-library\\\/blog\\\/financement-optimisant-limpact\\\/comment-lellis-island-initiative-rompt-avec-les-idees-recues-sur-laccueil-des-migrants-dans-letat-de-new-york\\\/#primaryimage\"},\"thumbnailUrl\":\"https:\\\/\\\/www.wes.org\\\/wp-content\\\/uploads\\\/2024\\\/04\\\/IMG_2618-2.jpg\",\"datePublished\":\"2025-05-02T14:26:42+00:00\",\"breadcrumb\":{\"@id\":\"https:\\\/\\\/www.wes.org\\\/fr\\\/resource-library\\\/blog\\\/financement-optimisant-limpact\\\/comment-lellis-island-initiative-rompt-avec-les-idees-recues-sur-laccueil-des-migrants-dans-letat-de-new-york\\\/#breadcrumb\"},\"inLanguage\":\"fr-FR\",\"potentialAction\":[{\"@type\":\"ReadAction\",\"target\":[\"https:\\\/\\\/www.wes.org\\\/fr\\\/resource-library\\\/blog\\\/financement-optimisant-limpact\\\/comment-lellis-island-initiative-rompt-avec-les-idees-recues-sur-laccueil-des-migrants-dans-letat-de-new-york\\\/\"]}]},{\"@type\":\"ImageObject\",\"inLanguage\":\"fr-FR\",\"@id\":\"https:\\\/\\\/www.wes.org\\\/fr\\\/resource-library\\\/blog\\\/financement-optimisant-limpact\\\/comment-lellis-island-initiative-rompt-avec-les-idees-recues-sur-laccueil-des-migrants-dans-letat-de-new-york\\\/#primaryimage\",\"url\":\"https:\\\/\\\/www.wes.org\\\/wp-content\\\/uploads\\\/2024\\\/04\\\/IMG_2618-2.jpg\",\"contentUrl\":\"https:\\\/\\\/www.wes.org\\\/wp-content\\\/uploads\\\/2024\\\/04\\\/IMG_2618-2.jpg\",\"width\":2048,\"height\":1719,\"caption\":\"How the Ellis Island Initiative Is Changing the Narrative to Welcome Immigrants in New York State\"},{\"@type\":\"BreadcrumbList\",\"@id\":\"https:\\\/\\\/www.wes.org\\\/fr\\\/resource-library\\\/blog\\\/financement-optimisant-limpact\\\/comment-lellis-island-initiative-rompt-avec-les-idees-recues-sur-laccueil-des-migrants-dans-letat-de-new-york\\\/#breadcrumb\",\"itemListElement\":[{\"@type\":\"ListItem\",\"position\":1,\"name\":\"Home\",\"item\":\"https:\\\/\\\/www.wes.org\\\/fr\\\/\"},{\"@type\":\"ListItem\",\"position\":2,\"name\":\"Financement optimisant l\u2019impact\",\"item\":\"https:\\\/\\\/www.wes.org\\\/fr\\\/blog\\\/financement-optimisant-limpact\\\/\"},{\"@type\":\"ListItem\",\"position\":3,\"name\":\"Comment l\u2019Ellis Island Initiative rompt avec les id\u00e9es re\u00e7ues sur l\u2019accueil des migrants dans l\u2019\u00c9tat de New York\"}]},{\"@type\":\"WebSite\",\"@id\":\"https:\\\/\\\/www.wes.org\\\/fr\\\/#website\",\"url\":\"https:\\\/\\\/www.wes.org\\\/fr\\\/\",\"name\":\"World Education Services\",\"description\":\"\",\"publisher\":{\"@id\":\"https:\\\/\\\/www.wes.org\\\/fr\\\/#organization\"},\"potentialAction\":[{\"@type\":\"SearchAction\",\"target\":{\"@type\":\"EntryPoint\",\"urlTemplate\":\"https:\\\/\\\/www.wes.org\\\/fr\\\/?s={search_term_string}\"},\"query-input\":{\"@type\":\"PropertyValueSpecification\",\"valueRequired\":true,\"valueName\":\"search_term_string\"}}],\"inLanguage\":\"fr-FR\"},{\"@type\":\"Organization\",\"@id\":\"https:\\\/\\\/www.wes.org\\\/fr\\\/#organization\",\"name\":\"World Education Services\",\"url\":\"https:\\\/\\\/www.wes.org\\\/fr\\\/\",\"logo\":{\"@type\":\"ImageObject\",\"inLanguage\":\"fr-FR\",\"@id\":\"https:\\\/\\\/www.wes.org\\\/fr\\\/#\\\/schema\\\/logo\\\/image\\\/\",\"url\":\"https:\\\/\\\/www.wes.org\\\/wp-content\\\/uploads\\\/2024\\\/07\\\/cropped-cropped-WES_Logo_RGB-Primary_Green-Clearspace-e1719869905447.png\",\"contentUrl\":\"https:\\\/\\\/www.wes.org\\\/wp-content\\\/uploads\\\/2024\\\/07\\\/cropped-cropped-WES_Logo_RGB-Primary_Green-Clearspace-e1719869905447.png\",\"width\":512,\"height\":512,\"caption\":\"World Education Services\"},\"image\":{\"@id\":\"https:\\\/\\\/www.wes.org\\\/fr\\\/#\\\/schema\\\/logo\\\/image\\\/\"},\"sameAs\":[\"https:\\\/\\\/www.facebook.com\\\/WorldEducationServices\\\/\",\"https:\\\/\\\/x.com\\\/WorldEdServices\",\"https:\\\/\\\/www.linkedin.com\\\/company\\\/worldeducationservices\\\/\"]},{\"@type\":\"Person\",\"@id\":\"https:\\\/\\\/www.wes.org\\\/fr\\\/#\\\/schema\\\/person\\\/eeb77f4bdf923bbe46c4627bd6850dc4\",\"name\":\"Subaita Rahman\",\"image\":{\"@type\":\"ImageObject\",\"inLanguage\":\"fr-FR\",\"@id\":\"https:\\\/\\\/secure.gravatar.com\\\/avatar\\\/0ad859b6e9c985cc1524d7351b7c3466dd879b42ad7387ffa9a75adeeb008ac5?s=96&d=mm&r=g\",\"url\":\"https:\\\/\\\/secure.gravatar.com\\\/avatar\\\/0ad859b6e9c985cc1524d7351b7c3466dd879b42ad7387ffa9a75adeeb008ac5?s=96&d=mm&r=g\",\"contentUrl\":\"https:\\\/\\\/secure.gravatar.com\\\/avatar\\\/0ad859b6e9c985cc1524d7351b7c3466dd879b42ad7387ffa9a75adeeb008ac5?s=96&d=mm&r=g\",\"caption\":\"Subaita Rahman\"},\"sameAs\":[\"https:\\\/\\\/www.wes.org\\\/\"]}]}<\/script>\n<!-- \/ Yoast SEO Premium plugin. -->","yoast_head_json":{"title":"Comment l\u2019Ellis Island Initiative rompt avec les id\u00e9es re\u00e7ues sur l\u2019accueil des migrants dans l\u2019\u00c9tat de New York - WES","robots":{"index":"index","follow":"follow","max-snippet":"max-snippet:-1","max-image-preview":"max-image-preview:large","max-video-preview":"max-video-preview:-1"},"canonical":"https:\/\/www.wes.org\/fr\/resource-library\/blog\/financement-optimisant-limpact\/comment-lellis-island-initiative-rompt-avec-les-idees-recues-sur-laccueil-des-migrants-dans-letat-de-new-york\/","og_locale":"fr_FR","og_type":"article","og_title":"Comment l\u2019Ellis Island Initiative rompt avec les id\u00e9es re\u00e7ues sur l\u2019accueil des migrants dans l\u2019\u00c9tat de New York","og_description":"Les \u00c9tats-Unis ont connu une forte hausse du nombre de demandeurs d\u2019asile sur leur territoire, avec plus de 150\u00a0000 arriv\u00e9es rien qu\u2019\u00e0 New York au fil des 18\u00a0derniers mois. Comptant pr\u00e8s d\u2019un demi-million de postes vacants \u00e0 travers l\u2019\u00c9tat de New York, les immigrants et les r\u00e9fugi\u00e9s repr\u00e9sentent un vrai potentiel de contribution aux \u00e9conomies [&hellip;]","og_url":"https:\/\/www.wes.org\/fr\/resource-library\/blog\/financement-optimisant-limpact\/comment-lellis-island-initiative-rompt-avec-les-idees-recues-sur-laccueil-des-migrants-dans-letat-de-new-york\/","og_site_name":"WES","article_publisher":"https:\/\/www.facebook.com\/WorldEducationServices\/","article_published_time":"2025-05-02T14:26:42+00:00","og_image":[{"width":2048,"height":1719,"url":"https:\/\/www.wes.org\/wp-content\/uploads\/2024\/04\/IMG_2618-2.jpg","type":"image\/jpeg"}],"author":"Subaita Rahman","twitter_card":"summary_large_image","twitter_creator":"@WorldEdServices","twitter_site":"@WorldEdServices","twitter_misc":{"\u00c9crit par":"Subaita Rahman","Dur\u00e9e de lecture estim\u00e9e":"6 minutes"},"schema":{"@context":"https:\/\/schema.org","@graph":[{"@type":"Article","@id":"https:\/\/www.wes.org\/fr\/resource-library\/blog\/financement-optimisant-limpact\/comment-lellis-island-initiative-rompt-avec-les-idees-recues-sur-laccueil-des-migrants-dans-letat-de-new-york\/#article","isPartOf":{"@id":"https:\/\/www.wes.org\/fr\/resource-library\/blog\/financement-optimisant-limpact\/comment-lellis-island-initiative-rompt-avec-les-idees-recues-sur-laccueil-des-migrants-dans-letat-de-new-york\/"},"author":{"name":"Subaita Rahman","@id":"https:\/\/www.wes.org\/fr\/#\/schema\/person\/eeb77f4bdf923bbe46c4627bd6850dc4"},"headline":"Comment l\u2019Ellis Island Initiative rompt avec les id\u00e9es re\u00e7ues sur l\u2019accueil des migrants dans l\u2019\u00c9tat de New York","datePublished":"2025-05-02T14:26:42+00:00","mainEntityOfPage":{"@id":"https:\/\/www.wes.org\/fr\/resource-library\/blog\/financement-optimisant-limpact\/comment-lellis-island-initiative-rompt-avec-les-idees-recues-sur-laccueil-des-migrants-dans-letat-de-new-york\/"},"wordCount":1257,"publisher":{"@id":"https:\/\/www.wes.org\/fr\/#organization"},"image":{"@id":"https:\/\/www.wes.org\/fr\/resource-library\/blog\/financement-optimisant-limpact\/comment-lellis-island-initiative-rompt-avec-les-idees-recues-sur-laccueil-des-migrants-dans-letat-de-new-york\/#primaryimage"},"thumbnailUrl":"https:\/\/www.wes.org\/wp-content\/uploads\/2024\/04\/IMG_2618-2.jpg","articleSection":["Financement optimisant l\u2019impact"],"inLanguage":"fr-FR"},{"@type":"WebPage","@id":"https:\/\/www.wes.org\/fr\/resource-library\/blog\/financement-optimisant-limpact\/comment-lellis-island-initiative-rompt-avec-les-idees-recues-sur-laccueil-des-migrants-dans-letat-de-new-york\/","url":"https:\/\/www.wes.org\/fr\/resource-library\/blog\/financement-optimisant-limpact\/comment-lellis-island-initiative-rompt-avec-les-idees-recues-sur-laccueil-des-migrants-dans-letat-de-new-york\/","name":"Comment l\u2019Ellis Island Initiative rompt avec les id\u00e9es re\u00e7ues sur l\u2019accueil des migrants dans l\u2019\u00c9tat de New York - WES","isPartOf":{"@id":"https:\/\/www.wes.org\/fr\/#website"},"primaryImageOfPage":{"@id":"https:\/\/www.wes.org\/fr\/resource-library\/blog\/financement-optimisant-limpact\/comment-lellis-island-initiative-rompt-avec-les-idees-recues-sur-laccueil-des-migrants-dans-letat-de-new-york\/#primaryimage"},"image":{"@id":"https:\/\/www.wes.org\/fr\/resource-library\/blog\/financement-optimisant-limpact\/comment-lellis-island-initiative-rompt-avec-les-idees-recues-sur-laccueil-des-migrants-dans-letat-de-new-york\/#primaryimage"},"thumbnailUrl":"https:\/\/www.wes.org\/wp-content\/uploads\/2024\/04\/IMG_2618-2.jpg","datePublished":"2025-05-02T14:26:42+00:00","breadcrumb":{"@id":"https:\/\/www.wes.org\/fr\/resource-library\/blog\/financement-optimisant-limpact\/comment-lellis-island-initiative-rompt-avec-les-idees-recues-sur-laccueil-des-migrants-dans-letat-de-new-york\/#breadcrumb"},"inLanguage":"fr-FR","potentialAction":[{"@type":"ReadAction","target":["https:\/\/www.wes.org\/fr\/resource-library\/blog\/financement-optimisant-limpact\/comment-lellis-island-initiative-rompt-avec-les-idees-recues-sur-laccueil-des-migrants-dans-letat-de-new-york\/"]}]},{"@type":"ImageObject","inLanguage":"fr-FR","@id":"https:\/\/www.wes.org\/fr\/resource-library\/blog\/financement-optimisant-limpact\/comment-lellis-island-initiative-rompt-avec-les-idees-recues-sur-laccueil-des-migrants-dans-letat-de-new-york\/#primaryimage","url":"https:\/\/www.wes.org\/wp-content\/uploads\/2024\/04\/IMG_2618-2.jpg","contentUrl":"https:\/\/www.wes.org\/wp-content\/uploads\/2024\/04\/IMG_2618-2.jpg","width":2048,"height":1719,"caption":"How the Ellis Island Initiative Is Changing the Narrative to Welcome Immigrants in New York State"},{"@type":"BreadcrumbList","@id":"https:\/\/www.wes.org\/fr\/resource-library\/blog\/financement-optimisant-limpact\/comment-lellis-island-initiative-rompt-avec-les-idees-recues-sur-laccueil-des-migrants-dans-letat-de-new-york\/#breadcrumb","itemListElement":[{"@type":"ListItem","position":1,"name":"Home","item":"https:\/\/www.wes.org\/fr\/"},{"@type":"ListItem","position":2,"name":"Financement optimisant l\u2019impact","item":"https:\/\/www.wes.org\/fr\/blog\/financement-optimisant-limpact\/"},{"@type":"ListItem","position":3,"name":"Comment l\u2019Ellis Island Initiative rompt avec les id\u00e9es re\u00e7ues sur l\u2019accueil des migrants dans l\u2019\u00c9tat de New York"}]},{"@type":"WebSite","@id":"https:\/\/www.wes.org\/fr\/#website","url":"https:\/\/www.wes.org\/fr\/","name":"World Education Services","description":"","publisher":{"@id":"https:\/\/www.wes.org\/fr\/#organization"},"potentialAction":[{"@type":"SearchAction","target":{"@type":"EntryPoint","urlTemplate":"https:\/\/www.wes.org\/fr\/?s={search_term_string}"},"query-input":{"@type":"PropertyValueSpecification","valueRequired":true,"valueName":"search_term_string"}}],"inLanguage":"fr-FR"},{"@type":"Organization","@id":"https:\/\/www.wes.org\/fr\/#organization","name":"World Education Services","url":"https:\/\/www.wes.org\/fr\/","logo":{"@type":"ImageObject","inLanguage":"fr-FR","@id":"https:\/\/www.wes.org\/fr\/#\/schema\/logo\/image\/","url":"https:\/\/www.wes.org\/wp-content\/uploads\/2024\/07\/cropped-cropped-WES_Logo_RGB-Primary_Green-Clearspace-e1719869905447.png","contentUrl":"https:\/\/www.wes.org\/wp-content\/uploads\/2024\/07\/cropped-cropped-WES_Logo_RGB-Primary_Green-Clearspace-e1719869905447.png","width":512,"height":512,"caption":"World Education Services"},"image":{"@id":"https:\/\/www.wes.org\/fr\/#\/schema\/logo\/image\/"},"sameAs":["https:\/\/www.facebook.com\/WorldEducationServices\/","https:\/\/x.com\/WorldEdServices","https:\/\/www.linkedin.com\/company\/worldeducationservices\/"]},{"@type":"Person","@id":"https:\/\/www.wes.org\/fr\/#\/schema\/person\/eeb77f4bdf923bbe46c4627bd6850dc4","name":"Subaita Rahman","image":{"@type":"ImageObject","inLanguage":"fr-FR","@id":"https:\/\/secure.gravatar.com\/avatar\/0ad859b6e9c985cc1524d7351b7c3466dd879b42ad7387ffa9a75adeeb008ac5?s=96&d=mm&r=g","url":"https:\/\/secure.gravatar.com\/avatar\/0ad859b6e9c985cc1524d7351b7c3466dd879b42ad7387ffa9a75adeeb008ac5?s=96&d=mm&r=g","contentUrl":"https:\/\/secure.gravatar.com\/avatar\/0ad859b6e9c985cc1524d7351b7c3466dd879b42ad7387ffa9a75adeeb008ac5?s=96&d=mm&r=g","caption":"Subaita Rahman"},"sameAs":["https:\/\/www.wes.org\/"]}]}},"wpml_current_locale":"fr_FR","wpml_translations":[{"locale":"en_US","id":41443,"post_title":"Ellis Island Initiative: Transforming Immigrant Narratives in NY","href":"https:\/\/www.wes.org\/how-the-ellis-island-initiative-is-changing-the-narrative-to-welcome-immigrants-in-new-york-state\/"}],"_links":{"self":[{"href":"https:\/\/www.wes.org\/fr\/wp-json\/wp\/v2\/posts\/49713","targetHints":{"allow":["GET"]}}],"collection":[{"href":"https:\/\/www.wes.org\/fr\/wp-json\/wp\/v2\/posts"}],"about":[{"href":"https:\/\/www.wes.org\/fr\/wp-json\/wp\/v2\/types\/post"}],"author":[{"embeddable":true,"href":"https:\/\/www.wes.org\/fr\/wp-json\/wp\/v2\/users\/679"}],"replies":[{"embeddable":true,"href":"https:\/\/www.wes.org\/fr\/wp-json\/wp\/v2\/comments?post=49713"}],"version-history":[{"count":0,"href":"https:\/\/www.wes.org\/fr\/wp-json\/wp\/v2\/posts\/49713\/revisions"}],"wp:featuredmedia":[{"embeddable":true,"href":"https:\/\/www.wes.org\/fr\/wp-json\/wp\/v2\/media\/41450"}],"wp:attachment":[{"href":"https:\/\/www.wes.org\/fr\/wp-json\/wp\/v2\/media?parent=49713"}],"wp:term":[{"taxonomy":"category","embeddable":true,"href":"https:\/\/www.wes.org\/fr\/wp-json\/wp\/v2\/categories?post=49713"},{"taxonomy":"post_tag","embeddable":true,"href":"https:\/\/www.wes.org\/fr\/wp-json\/wp\/v2\/tags?post=49713"}],"curies":[{"name":"wp","href":"https:\/\/api.w.org\/{rel}","templated":true}]}}