{"id":49530,"date":"2025-04-30T09:41:29","date_gmt":"2025-04-30T13:41:29","guid":{"rendered":"https:\/\/www.wes.org\/le-bureau-des-nouveaux-americains-du-colorado-renforce-lintegration-des-immigrants-au-sein-du-gouvernement-de-letat\/"},"modified":"2025-05-22T17:03:23","modified_gmt":"2025-05-22T21:03:23","slug":"le-bureau-des-nouveaux-americains-du-colorado-renforce-lintegration-des-immigrants-au-sein-du-gouvernement-de-letat","status":"publish","type":"post","link":"https:\/\/www.wes.org\/fr\/resource-library\/blog\/des-communautes-accueillantes-en-action\/le-bureau-des-nouveaux-americains-du-colorado-renforce-lintegration-des-immigrants-au-sein-du-gouvernement-de-letat\/","title":{"rendered":"Le Bureau des nouveaux Am\u00e9ricains du Colorado renforce l\u2019int\u00e9gration des immigrants au sein du gouvernement de l\u2019\u00c9tat"},"content":{"rendered":"\n<figure class=\"wp-block-image size-large is-resized\"><img loading=\"lazy\" decoding=\"async\" width=\"1024\" height=\"683\" src=\"https:\/\/www.wes.org\/wp-content\/uploads\/2024\/10\/iStock-134437788-1350x900-1-1024x683.jpg\" alt=\"\" class=\"wp-image-46605\" style=\"width:1200px;height:auto\" srcset=\"https:\/\/www.wes.org\/wp-content\/uploads\/2024\/10\/iStock-134437788-1350x900-1-1024x683.jpg 1024w, https:\/\/www.wes.org\/wp-content\/uploads\/2024\/10\/iStock-134437788-1350x900-1-300x200.jpg 300w, https:\/\/www.wes.org\/wp-content\/uploads\/2024\/10\/iStock-134437788-1350x900-1-768x512.jpg 768w, https:\/\/www.wes.org\/wp-content\/uploads\/2024\/10\/iStock-134437788-1350x900-1-541x362.jpg 541w, https:\/\/www.wes.org\/wp-content\/uploads\/2024\/10\/iStock-134437788-1350x900-1.jpg 1350w\" sizes=\"auto, (max-width: 1024px) 100vw, 1024px\" \/><\/figure>\n\n<p>En juin\u00a02021, l\u2019Assembl\u00e9e g\u00e9n\u00e9rale du Colorado a franchi une \u00e9tape cruciale en adoptant, avec le soutien des deux partis, la loi HB21-1150, qui cr\u00e9e le Bureau des nouveaux Am\u00e9ricains du Colorado (ONA). En cr\u00e9ant ce bureau, l\u2019\u00c9tat a reconnu l\u2019importance de l\u2019inclusion sociale et \u00e9conomique de sa population immigr\u00e9e, qui repr\u00e9sente <a href=\"https:\/\/map.americanimmigrationcouncil.org\/locations\/colorado\/\">pr\u00e8s de 10\u00a0%<\/a> de la population de l\u2019\u00c9tat. En tirant parti du pouvoir et des ressources du gouvernement de l\u2019\u00c9tat, les dirigeants ont pu mettre en \u0153uvre plus efficacement l\u2019int\u00e9gration des immigrants. Au cours des trois derni\u00e8res ann\u00e9es, l\u2019ONA du Colorado a atteint cet objectif et a m\u00eame accompli bien d\u2019autres choses.<\/p>\n\n<p>\u00c0 l\u2019instar des autres bureaux d\u2019\u00c9tat du <a href=\"http:\/\/ona%20network\/\" target=\"_blank\" rel=\"noreferrer noopener\">r\u00e9seau ONA<\/a>, la priorit\u00e9 fondamentale de l\u2019ONA du Colorado \u00e9tait de favoriser la stabilit\u00e9 \u00e9conomique et d\u2019investir dans la r\u00e9ussite des personnes issues de l\u2019immigration qui vivent dans le Colorado. En \u00e9tablissant ce bureau comme \u00ab\u00a0<a href=\"https:\/\/legisource.net\/2012\/04\/05\/powers-duties-and-functions-of-executive-branch-agencies-type-1-type-2-and-type-3-transfers\/\" target=\"_blank\" rel=\"noreferrer noopener\">entit\u00e9 de type\u00a01<\/a>\u00a0\u00bb, les auteurs du projet de loi HB21-1150 lui ont permis de fonctionner au sein du minist\u00e8re du Travail et de l\u2019Emploi du Colorado tout en conservant un acc\u00e8s direct au bureau du gouverneur. Cela a conf\u00e9r\u00e9 \u00e0 l\u2019ONA le pouvoir de convoquer d\u2019autres agences gouvernementales, soulignant ainsi son ind\u00e9pendance et son autorit\u00e9 pour donner la priorit\u00e9 \u00e0 l\u2019int\u00e9gration des immigrants au plus haut niveau du gouvernement de l\u2019\u00c9tat.\u00a0<\/p>\n\n<p>Le repr\u00e9sentant Iman Jodeh, l\u2019un des promoteurs du projet de loi, d\u00e9clare\u00a0: \u00ab\u00a0en reconnaissant les comp\u00e9tences et l\u2019expertise des r\u00e9sidents immigr\u00e9s et r\u00e9fugi\u00e9s du Colorado, et en mettant leurs talents au service de notre main-d\u2019\u0153uvre, l\u2019ONA contribue \u00e0 une plus grande prosp\u00e9rit\u00e9 pour tous les habitants du Colorado. En cr\u00e9ant ce bureau, l\u2019\u00c9tat du Colorado d\u00e9montre son engagement \u00e0 garantir la prosp\u00e9rit\u00e9 de tous ses habitants.\u00a0\u00bb\u00a0<\/p>\n\n<p>Pour soutenir ces objectifs, l\u2019ONA a publi\u00e9 son <a href=\"https:\/\/ona.colorado.gov\/sites\/ona\/files\/20230301_ONA_State_Integration_Plan.pdf\" target=\"_blank\" rel=\"noreferrer noopener\">premier plan d\u2019int\u00e9gration de l\u2019\u00c9tat<\/a>, qui d\u00e9crit plusieurs mesures et strat\u00e9gies visant \u00e0 am\u00e9liorer les efforts d\u2019inclusion, \u00e0 renforcer la capacit\u00e9 du gouvernement et des partenaires \u00e0 servir les nouveaux Am\u00e9ricains et \u00e0 mettre en \u0153uvre des initiatives suppl\u00e9mentaires \u00e0 l\u2019\u00e9chelle de l\u2019\u00c9tat. <strong>En seulement trois ans, l\u2019ONA du Colorado a accompli des progr\u00e8s consid\u00e9rables dans la mise en \u0153uvre des priorit\u00e9s d\u00e9finies dans ce plan.<\/strong> \u00a0<\/p>\n\n<p>L\u2019un des principaux objectifs de l\u2019ONA est<strong> d\u2019am\u00e9liorer l\u2019acc\u00e8s aux ressources et aux services existants et de mieux les faire conna\u00eetre<\/strong>. En r\u00e9ponse \u00e0 l\u2019afflux de nouveaux arrivants dans l\u2019\u00c9tat, l\u2019ONA a cr\u00e9\u00e9 et publi\u00e9 un <a href=\"https:\/\/cdle.colorado.gov\/sites\/cdle\/files\/documents\/Welcome_Packet_1.10.2023.pdf\" target=\"_blank\" rel=\"noreferrer noopener\">dossier d\u2019accueil<\/a> contenant des informations essentielles sur l\u2019acc\u00e8s aux services publics, l\u2019obtention d\u2019une assistance juridique, les programmes d\u2019apprentissage de l\u2019anglais existants et les exigences en mati\u00e8re d\u2019emploi et de licence professionnelle. Cette ressource s\u2019appuie sur des guides pr\u00e9c\u00e9dents \u00e9labor\u00e9s pour aider les nouveaux arrivants afghans et autres personnes issues de l\u2019immigration.\u00a0\u00a0<\/p>\n\n<p>Conform\u00e9ment \u00e0 la loi HB21-1150, le bureau a \u00e9galement constitu\u00e9 un comit\u00e9 consultatif communautaire pour les nouveaux Am\u00e9ricains, compos\u00e9 de leaders issus de l\u2019immigration et r\u00e9fugi\u00e9s, dans tout l\u2019\u00c9tat. Ce comit\u00e9 veille \u00e0 ce que le gouvernement provincial re\u00e7oive les pr\u00e9cieux commentaires et recommandations des personnes ayant v\u00e9cu une exp\u00e9rience concr\u00e8te.\u00a0\u00a0<\/p>\n\n<p>Conscient de l\u2019impact de la sous-utilisation des comp\u00e9tences sur l\u2019\u00e9conomie de l\u2019\u00c9tat et la population immigr\u00e9e, l\u2019ONA a \u00e9galement collabor\u00e9 avec l\u2019assembl\u00e9e g\u00e9n\u00e9rale de l\u2019\u00c9tat pour faire adopter le projet de loi SB 22-140, une avanc\u00e9e majeure dans le droit social qui a donn\u00e9 naissance au <a href=\"https:\/\/ona.colorado.gov\/committees\/global-talent-task-force\" target=\"_blank\" rel=\"noreferrer noopener\">Global Talent Task Force<\/a> (groupe de travail sur les talents internationaux). Ce groupe de travail, compos\u00e9 de dirigeants issus de la communaut\u00e9 immigr\u00e9e, du monde du travail et du secteur priv\u00e9, a pour mission d\u2019identifier et de combler les lacunes en mati\u00e8re de main-d\u2019\u0153uvre. Il s\u2019attache notamment \u00e0 examiner les obstacles \u00e0 l\u2019acc\u00e8s aux professions r\u00e9glement\u00e9es auxquels sont confront\u00e9es les personnes ayant acquis des qualifications et de l\u2019exp\u00e9rience \u00e0 l\u2019\u00e9tranger.\u00a0\u00a0<\/p>\n\n<p>Le Plan d\u2019int\u00e9gration de l\u2019\u00c9tat s\u2019est \u00e9galement fix\u00e9 comme priorit\u00e9 de <strong>renforcer la capacit\u00e9 du gouvernement, des organisations communautaires et du secteur priv\u00e9 \u00e0 favoriser l\u2019inclusion des immigrants et des r\u00e9fugi\u00e9s<\/strong>. Suite \u00e0 une recommandation du Global Talent Task Force concernant le financement de <a href=\"https:\/\/www.wes.org\/fr\/les-programmes-dorientation-professionnelle-favorisent-des-economies-inclusives-a-travers-les-etats\/\" target=\"_blank\" rel=\"noreferrer noopener\">programmes d\u2019orientation professionnelle<\/a> destin\u00e9s sp\u00e9cifiquement aux immigrants et aux r\u00e9fugi\u00e9s \u00e0 la recherche d\u2019un emploi, les dix centres locaux pour l\u2019emploi du Colorado et leurs comit\u00e9s d\u2019investissement dans la main-d\u2019\u0153uvre ont convenu de cr\u00e9er un groupe de travail charg\u00e9 d\u2019am\u00e9liorer l\u2019acc\u00e8s aux services pour les nouveaux Am\u00e9ricains dans tout l\u2019\u00c9tat.\u00a0\u00a0<\/p>\n\n<p>Dans le m\u00eame ordre d\u2019id\u00e9es, l\u2019ONA a lanc\u00e9 une initiative rurale financ\u00e9e par des subventions afin d\u2019am\u00e9liorer l\u2019acc\u00e8s aux programmes et aux services pour les immigrants et les r\u00e9fugi\u00e9s ainsi que pour les prestataires de services vivant et travaillant dans les zones rurales de l\u2019\u00c9tat. Afin de mieux informer les employeurs, l\u2019ONA a \u00e9galement lanc\u00e9 une s\u00e9rie de webinaires gratuits \u00e0 la demande, intitul\u00e9e <a href=\"https:\/\/ona.colorado.gov\/resources\/tool-kits\" target=\"_blank\" rel=\"noreferrer noopener\">\u00ab\u00a0Travailler avec les nouveaux Am\u00e9ricains\u00a0: du recrutement \u00e0 la mise \u00e0 niveau des comp\u00e9tences\u00a0\u00bb<\/a> qui vise \u00e0 faire conna\u00eetre des m\u00e9thodes efficaces pour embaucher et soutenir les employ\u00e9s immigrants et r\u00e9fugi\u00e9s.\u00a0\u00a0<\/p>\n\n<p>L\u2019ONA s\u2019appuie sur ces efforts pour faire avancer une troisi\u00e8me priorit\u00e9 strat\u00e9gique\u00a0:<strong> offrir de nouvelles opportunit\u00e9s concr\u00e8tes \u00e0 l\u2019\u00e9chelle de l\u2019\u00c9tat afin de favoriser l\u2019inclusion des immigrants et des r\u00e9fugi\u00e9s<\/strong>.\u00a0<\/p>\n\n<p>En collaboration avec les l\u00e9gislateurs de l\u2019\u00c9tat et gr\u00e2ce \u00e0 la loi SB 22-140, l\u2019ONA a cr\u00e9\u00e9 le premier programme <a href=\"https:\/\/ona.colorado.gov\/our-work\/vcesl-program\" target=\"_blank\" rel=\"noreferrer noopener\">Virtual, Career-Aligned English as a Second Language (VCESL)<\/a> (Anglais seconde langue ax\u00e9 sur le monde des affaires) du pays. Au cours de ses deux ann\u00e9es d\u2019existence, ce programme a propos\u00e9 des cours d\u2019anglais pour adultes adapt\u00e9s au contexte et \u00e0 des secteurs sp\u00e9cifiques, accessibles dans tout le Colorado, et fait figure de premier exemple \u00e0 suivre concret pour d\u2019autres initiatives similaires \u00e0 travers le pays.\u00a0\u00a0\u00a0<\/p>\n\n<p>En outre, l\u2019ONA a dirig\u00e9 les efforts visant \u00e0 \u00e9laborer le projet de loi HB 22-1050, qui facilite la r\u00e9int\u00e9gration des m\u00e9decins form\u00e9s \u00e0 l\u2019\u00e9tranger dans leur profession au sein du personnel de sant\u00e9 de l\u2019\u00c9tat. Dans le cadre de cette initiative, l\u2019ONA dirigera le <a href=\"https:\/\/ona.colorado.gov\/our-work\/integration-of-international-medical-graduates%22%20\/h%20HYPERLINK%20%22https:\/\/ona.colorado.gov\/our-work\/integration-of-international-medical-graduates\" target=\"_blank\" rel=\"noreferrer noopener\">Integration of International Medical Graduates (IMG) Program<\/a> (programme d\u2019int\u00e9gration des dipl\u00f4m\u00e9s internationaux en m\u00e9decine).\u00a0<\/p>\n\n<p>Ces nombreux partenariats et programmes t\u00e9moignent de l\u2019influence et de l\u2019ind\u00e9pendance accord\u00e9es \u00e0 ce bureau en tant qu\u2019entit\u00e9 de type\u00a01, ainsi que de son approche globale en mati\u00e8re d\u2019int\u00e9gration des personnes issues de l\u2019immigration et r\u00e9fugi\u00e9es. <strong>Les autres \u00c9tats ayant des objectifs similaires devraient envisager d\u2019adopter le mod\u00e8le du Colorado afin de d\u00e9velopper des programmes inclusifs solides et holistiques au sein de leurs propres syst\u00e8mes. Ces efforts garantissent non seulement que les \u00c9tats favorisent l\u2019inclusion sociale et \u00e9conomique de tous leurs r\u00e9sidents, mais contribuent \u00e9galement \u00e0 l\u2019\u00e9conomie globale de l\u2019\u00c9tat.<\/strong>\u00a0<\/p>\n","protected":false},"excerpt":{"rendered":"<p>En juin\u00a02021, l\u2019Assembl\u00e9e g\u00e9n\u00e9rale du Colorado a franchi une \u00e9tape cruciale en adoptant, avec le soutien des deux partis, la loi HB21-1150, qui cr\u00e9e le Bureau des nouveaux Am\u00e9ricains du Colorado (ONA). En cr\u00e9ant ce bureau, l\u2019\u00c9tat a reconnu l\u2019importance de l\u2019inclusion sociale et \u00e9conomique de sa population immigr\u00e9e, qui repr\u00e9sente pr\u00e8s de 10\u00a0% de [&hellip;]<\/p>\n","protected":false},"author":679,"featured_media":46607,"comment_status":"closed","ping_status":"closed","sticky":false,"template":"","format":"standard","meta":{"_acf_changed":false,"footnotes":""},"categories":[1542],"tags":[1572,1539,1548],"class_list":["post-49530","post","type-post","status-publish","format-standard","has-post-thumbnail","hentry","category-des-communautes-accueillantes-en-action","tag-bureau-des-nouveaux-americains","tag-etats-unis","tag-politique-de-letat"],"better_featured_image":{"id":46607,"alt_text":"Colorado skyline image","caption":"","description":"","media_type":"image","media_details":{"width":1350,"height":900,"file":"2024\/10\/iStock-134437788-1350x900-1.jpg","filesize":86232,"sizes":{"medium":{"file":"iStock-134437788-1350x900-1-300x200.jpg","width":300,"height":200,"mime-type":"image\/jpeg","filesize":8938,"source_url":"https:\/\/www.wes.org\/wp-content\/uploads\/2024\/10\/iStock-134437788-1350x900-1-300x200.jpg"},"large":{"file":"iStock-134437788-1350x900-1-1024x683.jpg","width":1024,"height":683,"mime-type":"image\/jpeg","filesize":63346,"source_url":"https:\/\/www.wes.org\/wp-content\/uploads\/2024\/10\/iStock-134437788-1350x900-1-1024x683.jpg"},"thumbnail":{"file":"iStock-134437788-1350x900-1-150x150.jpg","width":150,"height":150,"mime-type":"image\/jpeg","filesize":3632,"source_url":"https:\/\/www.wes.org\/wp-content\/uploads\/2024\/10\/iStock-134437788-1350x900-1-150x150.jpg"},"medium_large":{"file":"iStock-134437788-1350x900-1-768x512.jpg","width":768,"height":512,"mime-type":"image\/jpeg","filesize":50367,"source_url":"https:\/\/www.wes.org\/wp-content\/uploads\/2024\/10\/iStock-134437788-1350x900-1-768x512.jpg"},"testimonial-thumb":{"file":"iStock-134437788-1350x900-1-165x190.jpg","width":165,"height":190,"mime-type":"image\/jpeg","filesize":4689,"source_url":"https:\/\/www.wes.org\/wp-content\/uploads\/2024\/10\/iStock-134437788-1350x900-1-165x190.jpg"},"carousel-post-thumb":{"file":"iStock-134437788-1350x900-1-540x277.jpg","width":540,"height":277,"mime-type":"image\/jpeg","filesize":25849,"source_url":"https:\/\/www.wes.org\/wp-content\/uploads\/2024\/10\/iStock-134437788-1350x900-1-540x277.jpg"},"col-profile-thumb":{"file":"iStock-134437788-1350x900-1-195x195.jpg","width":195,"height":195,"mime-type":"image\/jpeg","filesize":5694,"source_url":"https:\/\/www.wes.org\/wp-content\/uploads\/2024\/10\/iStock-134437788-1350x900-1-195x195.jpg"},"builder-feed-lg":{"file":"iStock-134437788-1350x900-1-981x517.jpg","width":981,"height":517,"mime-type":"image\/jpeg","filesize":64347,"source_url":"https:\/\/www.wes.org\/wp-content\/uploads\/2024\/10\/iStock-134437788-1350x900-1-981x517.jpg"},"team":{"file":"iStock-134437788-1350x900-1-185x185.jpg","width":185,"height":185,"mime-type":"image\/jpeg","filesize":5298,"source_url":"https:\/\/www.wes.org\/wp-content\/uploads\/2024\/10\/iStock-134437788-1350x900-1-185x185.jpg"},"people":{"file":"iStock-134437788-1350x900-1-394x276.jpg","width":394,"height":276,"mime-type":"image\/jpeg","filesize":18141,"source_url":"https:\/\/www.wes.org\/wp-content\/uploads\/2024\/10\/iStock-134437788-1350x900-1-394x276.jpg"},"insight":{"file":"iStock-134437788-1350x900-1-541x362.jpg","width":541,"height":362,"mime-type":"image\/jpeg","filesize":35477,"source_url":"https:\/\/www.wes.org\/wp-content\/uploads\/2024\/10\/iStock-134437788-1350x900-1-541x362.jpg"}},"image_meta":{"aperture":"0","credit":"","camera":"","caption":"","created_timestamp":"0","copyright":"Scott Cramer","focal_length":"0","iso":"0","shutter_speed":"0","title":"","orientation":"0","keywords":[]}},"post":49530,"source_url":"https:\/\/www.wes.org\/wp-content\/uploads\/2024\/10\/iStock-134437788-1350x900-1.jpg"},"acf":{"author_name":"","author":null,"external_contributor":null,"sw_country":null,"column_1_heading":null,"column_1_content_1":null,"column_1_content_2":null,"column_2_heading":null,"column_3_heading":null,"column_3_subheading_1":null,"column_3_subheading_2":null,"column_4_heading":null,"column_4_description":null,"x_url":null,"facebook_url":null,"linkedin_url":null,"youtube_url":null,"subtitle":"","author_hide":null,"author_custom":null,"link":""},"yoast_head":"<!-- This site is optimized with the Yoast SEO Premium plugin v26.2 (Yoast SEO v27.5) - https:\/\/yoast.com\/product\/yoast-seo-premium-wordpress\/ -->\n<title>Le Bureau des nouveaux Am\u00e9ricains du Colorado renforce l\u2019int\u00e9gration des immigrants au sein du gouvernement de l\u2019\u00c9tat - WES<\/title>\n<meta name=\"robots\" content=\"index, follow, max-snippet:-1, max-image-preview:large, max-video-preview:-1\" \/>\n<link rel=\"canonical\" href=\"https:\/\/www.wes.org\/fr\/resource-library\/blog\/des-communautes-accueillantes-en-action\/le-bureau-des-nouveaux-americains-du-colorado-renforce-lintegration-des-immigrants-au-sein-du-gouvernement-de-letat\/\" \/>\n<meta property=\"og:locale\" content=\"fr_FR\" \/>\n<meta property=\"og:type\" content=\"article\" \/>\n<meta property=\"og:title\" content=\"Le Bureau des nouveaux Am\u00e9ricains du Colorado renforce l\u2019int\u00e9gration des immigrants au sein du gouvernement de l\u2019\u00c9tat\" \/>\n<meta property=\"og:description\" content=\"En juin\u00a02021, l\u2019Assembl\u00e9e g\u00e9n\u00e9rale du Colorado a franchi une \u00e9tape cruciale en adoptant, avec le soutien des deux partis, la loi HB21-1150, qui cr\u00e9e le Bureau des nouveaux Am\u00e9ricains du Colorado (ONA). En cr\u00e9ant ce bureau, l\u2019\u00c9tat a reconnu l\u2019importance de l\u2019inclusion sociale et \u00e9conomique de sa population immigr\u00e9e, qui repr\u00e9sente pr\u00e8s de 10\u00a0% de [&hellip;]\" \/>\n<meta property=\"og:url\" content=\"https:\/\/www.wes.org\/fr\/resource-library\/blog\/des-communautes-accueillantes-en-action\/le-bureau-des-nouveaux-americains-du-colorado-renforce-lintegration-des-immigrants-au-sein-du-gouvernement-de-letat\/\" \/>\n<meta property=\"og:site_name\" content=\"WES\" \/>\n<meta property=\"article:publisher\" content=\"https:\/\/www.facebook.com\/WorldEducationServices\/\" \/>\n<meta property=\"article:published_time\" content=\"2025-04-30T13:41:29+00:00\" \/>\n<meta property=\"article:modified_time\" content=\"2025-05-22T21:03:23+00:00\" \/>\n<meta property=\"og:image\" content=\"https:\/\/www.wes.org\/wp-content\/uploads\/2024\/10\/iStock-134437788-1350x900-1.jpg\" \/>\n\t<meta property=\"og:image:width\" content=\"1350\" \/>\n\t<meta property=\"og:image:height\" content=\"900\" \/>\n\t<meta property=\"og:image:type\" content=\"image\/jpeg\" \/>\n<meta name=\"author\" content=\"Subaita Rahman\" \/>\n<meta name=\"twitter:card\" content=\"summary_large_image\" \/>\n<meta name=\"twitter:creator\" content=\"@WorldEdServices\" \/>\n<meta name=\"twitter:site\" content=\"@WorldEdServices\" \/>\n<meta name=\"twitter:label1\" content=\"\u00c9crit par\" \/>\n\t<meta name=\"twitter:data1\" content=\"Subaita Rahman\" \/>\n\t<meta name=\"twitter:label2\" content=\"Dur\u00e9e de lecture estim\u00e9e\" \/>\n\t<meta name=\"twitter:data2\" content=\"6 minutes\" \/>\n<script type=\"application\/ld+json\" class=\"yoast-schema-graph\">{\"@context\":\"https:\\\/\\\/schema.org\",\"@graph\":[{\"@type\":\"Article\",\"@id\":\"https:\\\/\\\/www.wes.org\\\/fr\\\/resource-library\\\/blog\\\/des-communautes-accueillantes-en-action\\\/le-bureau-des-nouveaux-americains-du-colorado-renforce-lintegration-des-immigrants-au-sein-du-gouvernement-de-letat\\\/#article\",\"isPartOf\":{\"@id\":\"https:\\\/\\\/www.wes.org\\\/fr\\\/resource-library\\\/blog\\\/des-communautes-accueillantes-en-action\\\/le-bureau-des-nouveaux-americains-du-colorado-renforce-lintegration-des-immigrants-au-sein-du-gouvernement-de-letat\\\/\"},\"author\":{\"name\":\"Subaita Rahman\",\"@id\":\"https:\\\/\\\/www.wes.org\\\/fr\\\/#\\\/schema\\\/person\\\/eeb77f4bdf923bbe46c4627bd6850dc4\"},\"headline\":\"Le Bureau des nouveaux Am\u00e9ricains du Colorado renforce l\u2019int\u00e9gration des immigrants au sein du gouvernement de l\u2019\u00c9tat\",\"datePublished\":\"2025-04-30T13:41:29+00:00\",\"dateModified\":\"2025-05-22T21:03:23+00:00\",\"mainEntityOfPage\":{\"@id\":\"https:\\\/\\\/www.wes.org\\\/fr\\\/resource-library\\\/blog\\\/des-communautes-accueillantes-en-action\\\/le-bureau-des-nouveaux-americains-du-colorado-renforce-lintegration-des-immigrants-au-sein-du-gouvernement-de-letat\\\/\"},\"wordCount\":1287,\"publisher\":{\"@id\":\"https:\\\/\\\/www.wes.org\\\/fr\\\/#organization\"},\"image\":{\"@id\":\"https:\\\/\\\/www.wes.org\\\/fr\\\/resource-library\\\/blog\\\/des-communautes-accueillantes-en-action\\\/le-bureau-des-nouveaux-americains-du-colorado-renforce-lintegration-des-immigrants-au-sein-du-gouvernement-de-letat\\\/#primaryimage\"},\"thumbnailUrl\":\"https:\\\/\\\/www.wes.org\\\/wp-content\\\/uploads\\\/2024\\\/10\\\/iStock-134437788-1350x900-1.jpg\",\"keywords\":[\"Bureau des nouveaux Am\u00e9ricains\",\"\u00c9tats-Unis\",\"Politique de l'\u00c9tat\"],\"articleSection\":[\"Des communaut\u00e9s accueillantes en action\"],\"inLanguage\":\"fr-FR\"},{\"@type\":\"WebPage\",\"@id\":\"https:\\\/\\\/www.wes.org\\\/fr\\\/resource-library\\\/blog\\\/des-communautes-accueillantes-en-action\\\/le-bureau-des-nouveaux-americains-du-colorado-renforce-lintegration-des-immigrants-au-sein-du-gouvernement-de-letat\\\/\",\"url\":\"https:\\\/\\\/www.wes.org\\\/fr\\\/resource-library\\\/blog\\\/des-communautes-accueillantes-en-action\\\/le-bureau-des-nouveaux-americains-du-colorado-renforce-lintegration-des-immigrants-au-sein-du-gouvernement-de-letat\\\/\",\"name\":\"Le Bureau des nouveaux Am\u00e9ricains du Colorado renforce l\u2019int\u00e9gration des immigrants au sein du gouvernement de l\u2019\u00c9tat - WES\",\"isPartOf\":{\"@id\":\"https:\\\/\\\/www.wes.org\\\/fr\\\/#website\"},\"primaryImageOfPage\":{\"@id\":\"https:\\\/\\\/www.wes.org\\\/fr\\\/resource-library\\\/blog\\\/des-communautes-accueillantes-en-action\\\/le-bureau-des-nouveaux-americains-du-colorado-renforce-lintegration-des-immigrants-au-sein-du-gouvernement-de-letat\\\/#primaryimage\"},\"image\":{\"@id\":\"https:\\\/\\\/www.wes.org\\\/fr\\\/resource-library\\\/blog\\\/des-communautes-accueillantes-en-action\\\/le-bureau-des-nouveaux-americains-du-colorado-renforce-lintegration-des-immigrants-au-sein-du-gouvernement-de-letat\\\/#primaryimage\"},\"thumbnailUrl\":\"https:\\\/\\\/www.wes.org\\\/wp-content\\\/uploads\\\/2024\\\/10\\\/iStock-134437788-1350x900-1.jpg\",\"datePublished\":\"2025-04-30T13:41:29+00:00\",\"dateModified\":\"2025-05-22T21:03:23+00:00\",\"breadcrumb\":{\"@id\":\"https:\\\/\\\/www.wes.org\\\/fr\\\/resource-library\\\/blog\\\/des-communautes-accueillantes-en-action\\\/le-bureau-des-nouveaux-americains-du-colorado-renforce-lintegration-des-immigrants-au-sein-du-gouvernement-de-letat\\\/#breadcrumb\"},\"inLanguage\":\"fr-FR\",\"potentialAction\":[{\"@type\":\"ReadAction\",\"target\":[\"https:\\\/\\\/www.wes.org\\\/fr\\\/resource-library\\\/blog\\\/des-communautes-accueillantes-en-action\\\/le-bureau-des-nouveaux-americains-du-colorado-renforce-lintegration-des-immigrants-au-sein-du-gouvernement-de-letat\\\/\"]}]},{\"@type\":\"ImageObject\",\"inLanguage\":\"fr-FR\",\"@id\":\"https:\\\/\\\/www.wes.org\\\/fr\\\/resource-library\\\/blog\\\/des-communautes-accueillantes-en-action\\\/le-bureau-des-nouveaux-americains-du-colorado-renforce-lintegration-des-immigrants-au-sein-du-gouvernement-de-letat\\\/#primaryimage\",\"url\":\"https:\\\/\\\/www.wes.org\\\/wp-content\\\/uploads\\\/2024\\\/10\\\/iStock-134437788-1350x900-1.jpg\",\"contentUrl\":\"https:\\\/\\\/www.wes.org\\\/wp-content\\\/uploads\\\/2024\\\/10\\\/iStock-134437788-1350x900-1.jpg\",\"width\":1350,\"height\":900,\"caption\":\"Colorado skyline image\"},{\"@type\":\"BreadcrumbList\",\"@id\":\"https:\\\/\\\/www.wes.org\\\/fr\\\/resource-library\\\/blog\\\/des-communautes-accueillantes-en-action\\\/le-bureau-des-nouveaux-americains-du-colorado-renforce-lintegration-des-immigrants-au-sein-du-gouvernement-de-letat\\\/#breadcrumb\",\"itemListElement\":[{\"@type\":\"ListItem\",\"position\":1,\"name\":\"Home\",\"item\":\"https:\\\/\\\/www.wes.org\\\/fr\\\/\"},{\"@type\":\"ListItem\",\"position\":2,\"name\":\"Des communaut\u00e9s accueillantes en action\",\"item\":\"https:\\\/\\\/www.wes.org\\\/fr\\\/blog\\\/des-communautes-accueillantes-en-action\\\/\"},{\"@type\":\"ListItem\",\"position\":3,\"name\":\"Le Bureau des nouveaux Am\u00e9ricains du Colorado renforce l\u2019int\u00e9gration des immigrants au sein du gouvernement de l\u2019\u00c9tat\"}]},{\"@type\":\"WebSite\",\"@id\":\"https:\\\/\\\/www.wes.org\\\/fr\\\/#website\",\"url\":\"https:\\\/\\\/www.wes.org\\\/fr\\\/\",\"name\":\"World Education Services\",\"description\":\"\",\"publisher\":{\"@id\":\"https:\\\/\\\/www.wes.org\\\/fr\\\/#organization\"},\"potentialAction\":[{\"@type\":\"SearchAction\",\"target\":{\"@type\":\"EntryPoint\",\"urlTemplate\":\"https:\\\/\\\/www.wes.org\\\/fr\\\/?s={search_term_string}\"},\"query-input\":{\"@type\":\"PropertyValueSpecification\",\"valueRequired\":true,\"valueName\":\"search_term_string\"}}],\"inLanguage\":\"fr-FR\"},{\"@type\":\"Organization\",\"@id\":\"https:\\\/\\\/www.wes.org\\\/fr\\\/#organization\",\"name\":\"World Education Services\",\"url\":\"https:\\\/\\\/www.wes.org\\\/fr\\\/\",\"logo\":{\"@type\":\"ImageObject\",\"inLanguage\":\"fr-FR\",\"@id\":\"https:\\\/\\\/www.wes.org\\\/fr\\\/#\\\/schema\\\/logo\\\/image\\\/\",\"url\":\"https:\\\/\\\/www.wes.org\\\/wp-content\\\/uploads\\\/2024\\\/07\\\/cropped-cropped-WES_Logo_RGB-Primary_Green-Clearspace-e1719869905447.png\",\"contentUrl\":\"https:\\\/\\\/www.wes.org\\\/wp-content\\\/uploads\\\/2024\\\/07\\\/cropped-cropped-WES_Logo_RGB-Primary_Green-Clearspace-e1719869905447.png\",\"width\":512,\"height\":512,\"caption\":\"World Education Services\"},\"image\":{\"@id\":\"https:\\\/\\\/www.wes.org\\\/fr\\\/#\\\/schema\\\/logo\\\/image\\\/\"},\"sameAs\":[\"https:\\\/\\\/www.facebook.com\\\/WorldEducationServices\\\/\",\"https:\\\/\\\/x.com\\\/WorldEdServices\",\"https:\\\/\\\/www.linkedin.com\\\/company\\\/worldeducationservices\\\/\"]},{\"@type\":\"Person\",\"@id\":\"https:\\\/\\\/www.wes.org\\\/fr\\\/#\\\/schema\\\/person\\\/eeb77f4bdf923bbe46c4627bd6850dc4\",\"name\":\"Subaita Rahman\",\"image\":{\"@type\":\"ImageObject\",\"inLanguage\":\"fr-FR\",\"@id\":\"https:\\\/\\\/secure.gravatar.com\\\/avatar\\\/0ad859b6e9c985cc1524d7351b7c3466dd879b42ad7387ffa9a75adeeb008ac5?s=96&d=mm&r=g\",\"url\":\"https:\\\/\\\/secure.gravatar.com\\\/avatar\\\/0ad859b6e9c985cc1524d7351b7c3466dd879b42ad7387ffa9a75adeeb008ac5?s=96&d=mm&r=g\",\"contentUrl\":\"https:\\\/\\\/secure.gravatar.com\\\/avatar\\\/0ad859b6e9c985cc1524d7351b7c3466dd879b42ad7387ffa9a75adeeb008ac5?s=96&d=mm&r=g\",\"caption\":\"Subaita Rahman\"},\"sameAs\":[\"https:\\\/\\\/www.wes.org\\\/\"]}]}<\/script>\n<!-- \/ Yoast SEO Premium plugin. -->","yoast_head_json":{"title":"Le Bureau des nouveaux Am\u00e9ricains du Colorado renforce l\u2019int\u00e9gration des immigrants au sein du gouvernement de l\u2019\u00c9tat - WES","robots":{"index":"index","follow":"follow","max-snippet":"max-snippet:-1","max-image-preview":"max-image-preview:large","max-video-preview":"max-video-preview:-1"},"canonical":"https:\/\/www.wes.org\/fr\/resource-library\/blog\/des-communautes-accueillantes-en-action\/le-bureau-des-nouveaux-americains-du-colorado-renforce-lintegration-des-immigrants-au-sein-du-gouvernement-de-letat\/","og_locale":"fr_FR","og_type":"article","og_title":"Le Bureau des nouveaux Am\u00e9ricains du Colorado renforce l\u2019int\u00e9gration des immigrants au sein du gouvernement de l\u2019\u00c9tat","og_description":"En juin\u00a02021, l\u2019Assembl\u00e9e g\u00e9n\u00e9rale du Colorado a franchi une \u00e9tape cruciale en adoptant, avec le soutien des deux partis, la loi HB21-1150, qui cr\u00e9e le Bureau des nouveaux Am\u00e9ricains du Colorado (ONA). En cr\u00e9ant ce bureau, l\u2019\u00c9tat a reconnu l\u2019importance de l\u2019inclusion sociale et \u00e9conomique de sa population immigr\u00e9e, qui repr\u00e9sente pr\u00e8s de 10\u00a0% de [&hellip;]","og_url":"https:\/\/www.wes.org\/fr\/resource-library\/blog\/des-communautes-accueillantes-en-action\/le-bureau-des-nouveaux-americains-du-colorado-renforce-lintegration-des-immigrants-au-sein-du-gouvernement-de-letat\/","og_site_name":"WES","article_publisher":"https:\/\/www.facebook.com\/WorldEducationServices\/","article_published_time":"2025-04-30T13:41:29+00:00","article_modified_time":"2025-05-22T21:03:23+00:00","og_image":[{"width":1350,"height":900,"url":"https:\/\/www.wes.org\/wp-content\/uploads\/2024\/10\/iStock-134437788-1350x900-1.jpg","type":"image\/jpeg"}],"author":"Subaita Rahman","twitter_card":"summary_large_image","twitter_creator":"@WorldEdServices","twitter_site":"@WorldEdServices","twitter_misc":{"\u00c9crit par":"Subaita Rahman","Dur\u00e9e de lecture estim\u00e9e":"6 minutes"},"schema":{"@context":"https:\/\/schema.org","@graph":[{"@type":"Article","@id":"https:\/\/www.wes.org\/fr\/resource-library\/blog\/des-communautes-accueillantes-en-action\/le-bureau-des-nouveaux-americains-du-colorado-renforce-lintegration-des-immigrants-au-sein-du-gouvernement-de-letat\/#article","isPartOf":{"@id":"https:\/\/www.wes.org\/fr\/resource-library\/blog\/des-communautes-accueillantes-en-action\/le-bureau-des-nouveaux-americains-du-colorado-renforce-lintegration-des-immigrants-au-sein-du-gouvernement-de-letat\/"},"author":{"name":"Subaita Rahman","@id":"https:\/\/www.wes.org\/fr\/#\/schema\/person\/eeb77f4bdf923bbe46c4627bd6850dc4"},"headline":"Le Bureau des nouveaux Am\u00e9ricains du Colorado renforce l\u2019int\u00e9gration des immigrants au sein du gouvernement de l\u2019\u00c9tat","datePublished":"2025-04-30T13:41:29+00:00","dateModified":"2025-05-22T21:03:23+00:00","mainEntityOfPage":{"@id":"https:\/\/www.wes.org\/fr\/resource-library\/blog\/des-communautes-accueillantes-en-action\/le-bureau-des-nouveaux-americains-du-colorado-renforce-lintegration-des-immigrants-au-sein-du-gouvernement-de-letat\/"},"wordCount":1287,"publisher":{"@id":"https:\/\/www.wes.org\/fr\/#organization"},"image":{"@id":"https:\/\/www.wes.org\/fr\/resource-library\/blog\/des-communautes-accueillantes-en-action\/le-bureau-des-nouveaux-americains-du-colorado-renforce-lintegration-des-immigrants-au-sein-du-gouvernement-de-letat\/#primaryimage"},"thumbnailUrl":"https:\/\/www.wes.org\/wp-content\/uploads\/2024\/10\/iStock-134437788-1350x900-1.jpg","keywords":["Bureau des nouveaux Am\u00e9ricains","\u00c9tats-Unis","Politique de l'\u00c9tat"],"articleSection":["Des communaut\u00e9s accueillantes en action"],"inLanguage":"fr-FR"},{"@type":"WebPage","@id":"https:\/\/www.wes.org\/fr\/resource-library\/blog\/des-communautes-accueillantes-en-action\/le-bureau-des-nouveaux-americains-du-colorado-renforce-lintegration-des-immigrants-au-sein-du-gouvernement-de-letat\/","url":"https:\/\/www.wes.org\/fr\/resource-library\/blog\/des-communautes-accueillantes-en-action\/le-bureau-des-nouveaux-americains-du-colorado-renforce-lintegration-des-immigrants-au-sein-du-gouvernement-de-letat\/","name":"Le Bureau des nouveaux Am\u00e9ricains du Colorado renforce l\u2019int\u00e9gration des immigrants au sein du gouvernement de l\u2019\u00c9tat - WES","isPartOf":{"@id":"https:\/\/www.wes.org\/fr\/#website"},"primaryImageOfPage":{"@id":"https:\/\/www.wes.org\/fr\/resource-library\/blog\/des-communautes-accueillantes-en-action\/le-bureau-des-nouveaux-americains-du-colorado-renforce-lintegration-des-immigrants-au-sein-du-gouvernement-de-letat\/#primaryimage"},"image":{"@id":"https:\/\/www.wes.org\/fr\/resource-library\/blog\/des-communautes-accueillantes-en-action\/le-bureau-des-nouveaux-americains-du-colorado-renforce-lintegration-des-immigrants-au-sein-du-gouvernement-de-letat\/#primaryimage"},"thumbnailUrl":"https:\/\/www.wes.org\/wp-content\/uploads\/2024\/10\/iStock-134437788-1350x900-1.jpg","datePublished":"2025-04-30T13:41:29+00:00","dateModified":"2025-05-22T21:03:23+00:00","breadcrumb":{"@id":"https:\/\/www.wes.org\/fr\/resource-library\/blog\/des-communautes-accueillantes-en-action\/le-bureau-des-nouveaux-americains-du-colorado-renforce-lintegration-des-immigrants-au-sein-du-gouvernement-de-letat\/#breadcrumb"},"inLanguage":"fr-FR","potentialAction":[{"@type":"ReadAction","target":["https:\/\/www.wes.org\/fr\/resource-library\/blog\/des-communautes-accueillantes-en-action\/le-bureau-des-nouveaux-americains-du-colorado-renforce-lintegration-des-immigrants-au-sein-du-gouvernement-de-letat\/"]}]},{"@type":"ImageObject","inLanguage":"fr-FR","@id":"https:\/\/www.wes.org\/fr\/resource-library\/blog\/des-communautes-accueillantes-en-action\/le-bureau-des-nouveaux-americains-du-colorado-renforce-lintegration-des-immigrants-au-sein-du-gouvernement-de-letat\/#primaryimage","url":"https:\/\/www.wes.org\/wp-content\/uploads\/2024\/10\/iStock-134437788-1350x900-1.jpg","contentUrl":"https:\/\/www.wes.org\/wp-content\/uploads\/2024\/10\/iStock-134437788-1350x900-1.jpg","width":1350,"height":900,"caption":"Colorado skyline image"},{"@type":"BreadcrumbList","@id":"https:\/\/www.wes.org\/fr\/resource-library\/blog\/des-communautes-accueillantes-en-action\/le-bureau-des-nouveaux-americains-du-colorado-renforce-lintegration-des-immigrants-au-sein-du-gouvernement-de-letat\/#breadcrumb","itemListElement":[{"@type":"ListItem","position":1,"name":"Home","item":"https:\/\/www.wes.org\/fr\/"},{"@type":"ListItem","position":2,"name":"Des communaut\u00e9s accueillantes en action","item":"https:\/\/www.wes.org\/fr\/blog\/des-communautes-accueillantes-en-action\/"},{"@type":"ListItem","position":3,"name":"Le Bureau des nouveaux Am\u00e9ricains du Colorado renforce l\u2019int\u00e9gration des immigrants au sein du gouvernement de l\u2019\u00c9tat"}]},{"@type":"WebSite","@id":"https:\/\/www.wes.org\/fr\/#website","url":"https:\/\/www.wes.org\/fr\/","name":"World Education Services","description":"","publisher":{"@id":"https:\/\/www.wes.org\/fr\/#organization"},"potentialAction":[{"@type":"SearchAction","target":{"@type":"EntryPoint","urlTemplate":"https:\/\/www.wes.org\/fr\/?s={search_term_string}"},"query-input":{"@type":"PropertyValueSpecification","valueRequired":true,"valueName":"search_term_string"}}],"inLanguage":"fr-FR"},{"@type":"Organization","@id":"https:\/\/www.wes.org\/fr\/#organization","name":"World Education Services","url":"https:\/\/www.wes.org\/fr\/","logo":{"@type":"ImageObject","inLanguage":"fr-FR","@id":"https:\/\/www.wes.org\/fr\/#\/schema\/logo\/image\/","url":"https:\/\/www.wes.org\/wp-content\/uploads\/2024\/07\/cropped-cropped-WES_Logo_RGB-Primary_Green-Clearspace-e1719869905447.png","contentUrl":"https:\/\/www.wes.org\/wp-content\/uploads\/2024\/07\/cropped-cropped-WES_Logo_RGB-Primary_Green-Clearspace-e1719869905447.png","width":512,"height":512,"caption":"World Education Services"},"image":{"@id":"https:\/\/www.wes.org\/fr\/#\/schema\/logo\/image\/"},"sameAs":["https:\/\/www.facebook.com\/WorldEducationServices\/","https:\/\/x.com\/WorldEdServices","https:\/\/www.linkedin.com\/company\/worldeducationservices\/"]},{"@type":"Person","@id":"https:\/\/www.wes.org\/fr\/#\/schema\/person\/eeb77f4bdf923bbe46c4627bd6850dc4","name":"Subaita Rahman","image":{"@type":"ImageObject","inLanguage":"fr-FR","@id":"https:\/\/secure.gravatar.com\/avatar\/0ad859b6e9c985cc1524d7351b7c3466dd879b42ad7387ffa9a75adeeb008ac5?s=96&d=mm&r=g","url":"https:\/\/secure.gravatar.com\/avatar\/0ad859b6e9c985cc1524d7351b7c3466dd879b42ad7387ffa9a75adeeb008ac5?s=96&d=mm&r=g","contentUrl":"https:\/\/secure.gravatar.com\/avatar\/0ad859b6e9c985cc1524d7351b7c3466dd879b42ad7387ffa9a75adeeb008ac5?s=96&d=mm&r=g","caption":"Subaita Rahman"},"sameAs":["https:\/\/www.wes.org\/"]}]}},"wpml_current_locale":"fr_FR","wpml_translations":[{"locale":"en_US","id":46525,"post_title":"Colorado\u2019s Office of New Americans Boosts Immigrant Inclusion","href":"https:\/\/www.wes.org\/colorados-office-of-new-americans-boosts-immigrant-inclusion\/"}],"_links":{"self":[{"href":"https:\/\/www.wes.org\/fr\/wp-json\/wp\/v2\/posts\/49530","targetHints":{"allow":["GET"]}}],"collection":[{"href":"https:\/\/www.wes.org\/fr\/wp-json\/wp\/v2\/posts"}],"about":[{"href":"https:\/\/www.wes.org\/fr\/wp-json\/wp\/v2\/types\/post"}],"author":[{"embeddable":true,"href":"https:\/\/www.wes.org\/fr\/wp-json\/wp\/v2\/users\/679"}],"replies":[{"embeddable":true,"href":"https:\/\/www.wes.org\/fr\/wp-json\/wp\/v2\/comments?post=49530"}],"version-history":[{"count":0,"href":"https:\/\/www.wes.org\/fr\/wp-json\/wp\/v2\/posts\/49530\/revisions"}],"wp:featuredmedia":[{"embeddable":true,"href":"https:\/\/www.wes.org\/fr\/wp-json\/wp\/v2\/media\/46607"}],"wp:attachment":[{"href":"https:\/\/www.wes.org\/fr\/wp-json\/wp\/v2\/media?parent=49530"}],"wp:term":[{"taxonomy":"category","embeddable":true,"href":"https:\/\/www.wes.org\/fr\/wp-json\/wp\/v2\/categories?post=49530"},{"taxonomy":"post_tag","embeddable":true,"href":"https:\/\/www.wes.org\/fr\/wp-json\/wp\/v2\/tags?post=49530"}],"curies":[{"name":"wp","href":"https:\/\/api.w.org\/{rel}","templated":true}]}}